[{"@context":"https:\/\/schema.org\/","@type":"Article","@id":"https:\/\/www.dcfm.cz\/prace-a-dovolena\/#Article","mainEntityOfPage":"https:\/\/www.dcfm.cz\/prace-a-dovolena\/","headline":"Pr\u00e1ce a dovolen\u00e1","name":"Pr\u00e1ce a dovolen\u00e1","description":"Jezd\u00edte r\u00e1di na dovolenou? Lid\u00e9 v\u011bt\u0161inou jezd\u00ed na dovolenou, kdy\u017e je teplo, kdy\u017e je p\u011bkn\u00e9 po\u010das\u00ed a j\u00e1 se tomu nediv\u00edm. Dokonce i j\u00e1 jezd\u00edm [&hellip;]","datePublished":"2023-10-30","dateModified":"2023-10-30","author":{"@type":"Person","@id":"https:\/\/www.dcfm.cz\/author\/#Person","name":"","url":"https:\/\/www.dcfm.cz\/author\/","identifier":1,"image":{"@type":"ImageObject","@id":"https:\/\/secure.gravatar.com\/avatar\/ddbdb36321e5b7d4d861793930db080587341c870bd6ed87a3d36e707e2e9ae3?s=96&d=mm&r=g","url":"https:\/\/secure.gravatar.com\/avatar\/ddbdb36321e5b7d4d861793930db080587341c870bd6ed87a3d36e707e2e9ae3?s=96&d=mm&r=g","height":96,"width":96}},"publisher":{"@type":"Organization","name":"dcfm.cz","logo":{"@type":"ImageObject","@id":"\/logo.png","url":"\/logo.png","width":600,"height":60}},"image":{"@type":"ImageObject","@id":"https:\/\/www.dcfm.cz\/wp-content\/uploads\/beach-2334304_1280_1.jpg","url":"https:\/\/www.dcfm.cz\/wp-content\/uploads\/beach-2334304_1280_1.jpg","height":0,"width":0},"url":"https:\/\/www.dcfm.cz\/prace-a-dovolena\/","about":["Dovolen\u00e1"],"wordCount":417,"articleBody":"Jezd\u00edte r\u00e1di na dovolenou? Lid\u00e9 v\u011bt\u0161inou jezd\u00ed na dovolenou, kdy\u017e je teplo, kdy\u017e je p\u011bkn\u00e9 po\u010das\u00ed a j\u00e1 se tomu nediv\u00edm. Dokonce i j\u00e1 jezd\u00edm na dovolenou nejrad\u011bji, kdy\u017e je teplo, nejrad\u011bji m\u00e1m samoz\u0159ejm\u011b mo\u0159e, ale n\u011bkdy se stane, \u017ee kdy\u017e jste zam\u011bstnan\u00ed, \u017ee je v\u00e1m v\u00e1\u0161 zam\u011bstnavatel v\u016fbec ned\u00e1 volno. T\u0159eba to je zrovna v t\u00e9 dob\u011b, kdy je v zam\u011bstn\u00e1n\u00ed nejv\u00edce pr\u00e1ce a ka\u017ed\u00fd \u010dlov\u011bk, kter\u00fd by odjel na dovolenou, tak by v zam\u011bstn\u00e1n\u00ed chyb\u011bl. Na jednu stranu zase ch\u00e1pu zam\u011bstnavatele. Taky ale zase ch\u00e1pu zam\u011bstnance, kte\u0159\u00ed t\u0159eba jindy si dovolenou vz\u00edt nemohou. Vezm\u011bte si t\u0159eba, kdy\u017e jsou velk\u00e9 \u0161koln\u00ed pr\u00e1zdniny. Ve v\u011bt\u0161in\u011b p\u0159\u00edpad\u016f si lid\u00e9 berou dovolenou pr\u00e1v\u011b na velk\u00e9 pr\u00e1zdniny. Aby m\u011bli \u010das tr\u00e1vit s\u00a0d\u011btmi, proto\u017ee \u010das str\u00e1vit s d\u011btmi je n\u011bkdy opravdu hodn\u011b obt\u00ed\u017en\u00e9 a n\u00e1ro\u010dn\u00e9. A to hlavn\u011b pro rodiny, kter\u00e9 pracuj\u00ed na sm\u011bny, proto\u017ee kdy\u017e budou se lid\u00e9 takhle st\u0159\u00eddat, tak dokonce i partne\u0159i nebo man\u017eel\u00e9 \u010di d\u011bti se nemus\u00ed spolu tak dob\u0159e a \u010dasto vid\u011bt, jak by si rodina p\u0159\u00e1la. Ale bohu\u017eel s t\u00edmhle u\u017e nikdo nic neud\u011bl\u00e1. Jedin\u011b tak kdybyste zm\u011bnili sv\u00e9 zam\u011bstn\u00e1n\u00ed, ale n\u011bkde to opravdu hodn\u011b nemo\u017en\u00e9, proto\u017ee lid\u00e9 pot\u0159ebuj\u00ed pen\u00edze. Ale abych se vr\u00e1tila zp\u00e1tky k dovolen\u00e9.Jsou lid\u00e9, kte\u0159\u00ed zase dovolenou tr\u00e1v\u00ed t\u0159eba jenom v \u010cesk\u00e9 republice. T\u0159eba maj\u00ed na chat\u011b opravdu dostatek prostoru, a tak tr\u00e1v\u00ed \u010das na chat\u011b nemus\u00ed jet ani na dovolenou. V tomhle p\u0159\u00edpad\u011b zase lid\u00e9 u\u0161et\u0159\u00ed spoustu financ\u00ed a tak\u00e9 \u010dlov\u011bk m\u016f\u017ee pracovat, m\u016f\u017ee pracovat t\u0159eba nap\u0159\u00edklad na home office. J\u00e1 osobn\u011b v tomhle nevid\u00edm v\u016fbec nic \u0161patn\u00e9ho. Kdy\u017e lid\u00e9 pracuj\u00ed i o\u00a0dovolen\u00e9. Nap\u0159\u00edklad j\u00e1, kdy\u017e m\u00e1m dovolenou, tak tak\u00e9 pracuji, jsem na zam\u011bstn\u00e1n\u00ed a celkov\u011b na pr\u00e1ci u\u017e tak zvykl\u00e1, \u017ee bych asi dva\u00a0dny nevydr\u017eela jenom tak sed\u011bt a nic ned\u011blat. Tak\u017ee jsem r\u00e1da, \u017ee\u00a0mohu tak\u00e9 velice \u010dasto pracovat na home office. Zam\u011bstn\u00e1n\u00ed m\u011b bav\u00ed a je to tak\u00e9 dokonce m\u016fj kon\u00ed\u010dek.\u00a0                                                                                                                                                                                                                                                                                                                                                                                                "},{"@context":"https:\/\/schema.org\/","@type":"BreadcrumbList","itemListElement":[{"@type":"ListItem","position":1,"name":"Pr\u00e1ce a dovolen\u00e1","item":"https:\/\/www.dcfm.cz\/prace-a-dovolena\/#breadcrumbitem"}]}]