[{"@context":"https:\/\/schema.org\/","@type":"Article","@id":"https:\/\/www.dcfm.cz\/chytre-deti\/#Article","mainEntityOfPage":"https:\/\/www.dcfm.cz\/chytre-deti\/","headline":"Chytr\u00e9 d\u011bti","name":"Chytr\u00e9 d\u011bti","description":"Kdo by si nep\u0159\u00e1l m\u00edt roztomil\u00e9, kr\u00e1sn\u00e9 a chytr\u00e9 d\u00edt\u011b? Sly\u0161ela jsem, \u017ee dokonce u\u017e lid\u00e9 uva\u017eovali, \u017ee by si pr\u00fd nechali geneticky upravit d\u00edt\u011b. [&hellip;]","datePublished":"2024-01-13","dateModified":"2024-01-13","author":{"@type":"Person","@id":"https:\/\/www.dcfm.cz\/author\/#Person","name":"","url":"https:\/\/www.dcfm.cz\/author\/","identifier":1,"image":{"@type":"ImageObject","@id":"https:\/\/secure.gravatar.com\/avatar\/ddbdb36321e5b7d4d861793930db080587341c870bd6ed87a3d36e707e2e9ae3?s=96&d=mm&r=g","url":"https:\/\/secure.gravatar.com\/avatar\/ddbdb36321e5b7d4d861793930db080587341c870bd6ed87a3d36e707e2e9ae3?s=96&d=mm&r=g","height":96,"width":96}},"publisher":{"@type":"Organization","name":"dcfm.cz","logo":{"@type":"ImageObject","@id":"\/logo.png","url":"\/logo.png","width":600,"height":60}},"image":{"@type":"ImageObject","@id":"https:\/\/www.dcfm.cz\/wp-content\/uploads\/spring-7179081_1280.jpg","url":"https:\/\/www.dcfm.cz\/wp-content\/uploads\/spring-7179081_1280.jpg","height":0,"width":0},"url":"https:\/\/www.dcfm.cz\/chytre-deti\/","about":["D\u011bti"],"wordCount":431,"articleBody":"Kdo by si nep\u0159\u00e1l m\u00edt roztomil\u00e9, kr\u00e1sn\u00e9 a chytr\u00e9 d\u00edt\u011b? Sly\u0161ela jsem, \u017ee dokonce u\u017e lid\u00e9 uva\u017eovali, \u017ee by si pr\u00fd nechali geneticky upravit d\u00edt\u011b. Mysl\u00edte si, \u017ee tohle je norm\u00e1ln\u00ed, \u017ee je vhodn\u00e9, aby si d\u00edt\u011b nechali ud\u011blat um\u011bl\u00e9, a je\u0161t\u011b aby ho n\u011bjak naprogramovali, aby t\u0159eba m\u011blo nad\u00e1n\u00ed na hudbu nebo na v\u011bdu \u010di matematiku? Tohle jsem vid\u011bla v televizi. Samoz\u0159ejm\u011b, \u017ee tohle ale nikdo nepovolil a j\u00e1 se tomu nediv\u00edm. J\u00e1 bych tedy rozhodn\u011b necht\u011bla m\u00edt d\u00edt\u011b, kter\u00e9 u\u017e m\u00e1 dop\u0159edu dan\u00e9 vlohy. Dokonce lid\u00e9 u\u017e se i ptali, jestli kdy\u017e p\u016fjdou na um\u011bl\u00e9 oplodn\u011bn\u00ed, jestli by jim l\u00e9ka\u0159i dok\u00e1zali zajistit hol\u010di\u010dku anebo chlape\u010dka.L\u00e9ka\u0159i \u0159ekli, \u017ee to norm\u00e1ln\u011b jde, ale \u017ee je to neetick\u00e9 a \u017ee tohle absolutn\u011b nep\u0159ipad\u00e1 v \u00favahu. V\u016fbec si nedok\u00e1\u017ei p\u0159edstavit, kdybych j\u00e1 \u0161la za l\u00e9ka\u0159em, aby mi nechal do vaj\u00ed\u010dka, do embrya d\u00e1t ur\u010dit\u00e9 pohlav\u00ed d\u00edt\u011bte. Zda bych tohle rozhodn\u011b necht\u011bla, j\u00e1 to v\u017edycky chci nechat osudu. Chci to nechat tak, jak to bude. Podle m\u00e9ho n\u00e1zoru\u00a0tohle absolutn\u011b nen\u00ed norm\u00e1ln\u00ed. Cht\u011bla bych se ale bavit hlavn\u011b o d\u011btech, kter\u00e9 t\u0159eba n\u011bjak\u00fd ten dar maj\u00ed. Ale norm\u00e1ln\u011b od p\u0159\u00edrody. Ne,\u00a0\u017ee ho tam maj\u00ed n\u011bjak um\u011ble geneticky naprogramovan\u00fd. J\u00e1 m\u00e1m syna, ten je opravdu\u00a0machr na klav\u00edr a na piano. M\u016fj syn hraje na klav\u00edr i na piano, a je\u0161t\u011b chce hr\u00e1t na varhany. J\u00e1 si mysl\u00edm, \u017ee je to docela skv\u011bl\u00fd n\u00e1pad, i kdy\u017e tohle d\u00edt\u011b chce d\u011blat samo od sebe a nen\u00ed do toho nuceno, tak je to podle m\u00e9ho n\u00e1zoru opravdu ta nejlep\u0161\u00ed volba.\u00a0Je to v\u017edycky nejlep\u0161\u00ed, proto\u017ee kdy\u017e d\u00edt\u011b je do n\u011b\u010deho nuceno, tak samoz\u0159ejm\u011b \u017ee t\u0159eba po n\u011bkter\u00fdch lidech nebo i po m\u011bs\u00edc\u00edch ho to p\u0159estane bavit anebo dostane k n\u011bjak\u00e9 akci \u010di v\u011bci odpor. Zn\u00e1m n\u011bkter\u00e9 lidi, kte\u0159\u00ed sv\u00e9 d\u011bti nutili na klav\u00edr a na housle. Samoz\u0159ejm\u011b, \u017ee po p\u016fl roce to\u00a0d\u011bti vzdaly, proto\u017ee je to nebavilo. A kdy\u017e n\u011bco n\u011bkoho nebav\u00ed, tak to potom ani neum\u00ed. V\u016fbec nem\u00e1 chu\u0165 chodit do \u0161koly um\u011bn\u00ed.\u00a0                                                                                                                                                                                                                                                                                                                                                                                                "},{"@context":"https:\/\/schema.org\/","@type":"BreadcrumbList","itemListElement":[{"@type":"ListItem","position":1,"name":"Chytr\u00e9 d\u011bti","item":"https:\/\/www.dcfm.cz\/chytre-deti\/#breadcrumbitem"}]}]