[{"@context":"https:\/\/schema.org\/","@type":"Article","@id":"https:\/\/www.dcfm.cz\/chvile-jen-pro-sebe\/#Article","mainEntityOfPage":"https:\/\/www.dcfm.cz\/chvile-jen-pro-sebe\/","headline":"Chv\u00edle jen pro sebe","name":"Chv\u00edle jen pro sebe","description":"Poj\u010fme se na chv\u00edli zastavit a zamyslet se, kdy jsme naposled str\u00e1vili p\u011bkn\u00e9 a p\u0159\u00edjemn\u00e9 chv\u00edle se sv\u00fdm partnerem? Ov\u0161em nem\u00e1me na mysli v\u010derej\u0161\u00ed ve\u010der, [&hellip;]","datePublished":"2025-04-16","dateModified":"2025-04-16","author":{"@type":"Person","@id":"https:\/\/www.dcfm.cz\/author\/#Person","name":"","url":"https:\/\/www.dcfm.cz\/author\/","identifier":1,"image":{"@type":"ImageObject","@id":"https:\/\/secure.gravatar.com\/avatar\/ddbdb36321e5b7d4d861793930db080587341c870bd6ed87a3d36e707e2e9ae3?s=96&d=mm&r=g","url":"https:\/\/secure.gravatar.com\/avatar\/ddbdb36321e5b7d4d861793930db080587341c870bd6ed87a3d36e707e2e9ae3?s=96&d=mm&r=g","height":96,"width":96}},"publisher":{"@type":"Organization","name":"dcfm.cz","logo":{"@type":"ImageObject","@id":"\/logo.png","url":"\/logo.png","width":600,"height":60}},"url":"https:\/\/www.dcfm.cz\/chvile-jen-pro-sebe\/","wordCount":182,"articleBody":"Poj\u010fme se na chv\u00edli zastavit a zamyslet se, kdy jsme naposled str\u00e1vili p\u011bkn\u00e9 a p\u0159\u00edjemn\u00e9 chv\u00edle se sv\u00fdm partnerem? Ov\u0161em nem\u00e1me na mysli v\u010derej\u0161\u00ed ve\u010der, kdy jeden z V\u00e1s poklimb\u00e1val u televize a druh\u00fd surfoval na internetu. Kdy jste se naposledy naplno v\u011bnovali sv\u00fdm d\u011btem? Nem\u00e1me ale na mysli chv\u00edli, kdy jste va\u0159ili ve\u010de\u0159i a od spor\u00e1ku jste radili d\u011btem, kter\u00e9 si d\u011blaly \u00fakoly na stole. Mysl\u00edme chv\u00edli, kdy jste duchem p\u0159\u00edtomni a svou pozornost v\u011bnujete jen jeden druh\u00e9mu. Lze ji naj\u00edt V dne\u0161n\u00ed dob\u011b je to t\u011b\u017ek\u00e9, to nepop\u00edr\u00e1me. Nicm\u00e9n\u011b nen\u00ed to nemo\u017en\u00e9. A co kdy\u017e V\u00e1m nav\u00edc \u0159ekneme, \u017ee si takovou porci spole\u010dn\u011b str\u00e1ven\u00e9ho \u010dasu m\u016f\u017eete dop\u0159\u00e1t i n\u011bkolikr\u00e1t t\u00fddn\u011b? A\u017e budete m\u00edt doma v\u00ed\u0159ivku Ostrava od n\u00e1s, uvid\u00edte, \u017ee naordinovat si spole\u010dn\u00fd \u010das nen\u00ed nic slo\u017eit\u00e9ho.                                                                                                                                                                                                                                                                                                                                                                                                "},{"@context":"https:\/\/schema.org\/","@type":"BreadcrumbList","itemListElement":[{"@type":"ListItem","position":1,"name":"Chv\u00edle jen pro sebe","item":"https:\/\/www.dcfm.cz\/chvile-jen-pro-sebe\/#breadcrumbitem"}]}]